{"id":1110,"date":"2025-04-06T12:52:38","date_gmt":"2025-04-06T10:52:38","guid":{"rendered":"https:\/\/karsten-nendel-stiftung.de\/kns\/?p=1110"},"modified":"2025-04-06T13:12:03","modified_gmt":"2025-04-06T11:12:03","slug":"grasfroesche-fuehlen-sich-wohl","status":"publish","type":"post","link":"https:\/\/karsten-nendel-stiftung.de\/kns\/grasfroesche-fuehlen-sich-wohl\/","title":{"rendered":"Grasfr\u00f6sche f\u00fchlen sich wohl"},"content":{"rendered":"\n<h3 class=\"wp-block-heading\">Auf dem Stiftungsgel\u00e4nde f\u00fchlen sich die Grasfr\u00f6sche heimisch.<\/h3>\n\n\n\n<p>Bei einem abendlichen Rundgang auf dem Stiftungsgel\u00e4nde konnte dieses P\u00e4rchen entdeckt werden.<\/p>\n\n\n\n<figure class=\"wp-block-image size-full\"><img loading=\"lazy\" decoding=\"async\" width=\"1148\" height=\"2040\" src=\"https:\/\/karsten-nendel-stiftung.de\/kns\/wp-content\/uploads\/2025\/04\/WhatsApp-Image-2025-04-01-at-06.15.56.jpeg\" alt=\"\" class=\"wp-image-1111\" style=\"aspect-ratio:4\/3;object-fit:cover\" srcset=\"https:\/\/karsten-nendel-stiftung.de\/kns\/wp-content\/uploads\/2025\/04\/WhatsApp-Image-2025-04-01-at-06.15.56.jpeg 1148w, https:\/\/karsten-nendel-stiftung.de\/kns\/wp-content\/uploads\/2025\/04\/WhatsApp-Image-2025-04-01-at-06.15.56-768x1364.jpeg 768w\" sizes=\"auto, (max-width: 1148px) 100vw, 1148px\" \/><\/figure>\n\n\n\n<p>Im angelegten Teich der Stiftung sorgten sie f\u00fcr Nachwuchs, der Laich ist gro\u00dfz\u00fcgig angelegt.<\/p>\n\n\n\n<figure class=\"wp-block-image size-full\"><img loading=\"lazy\" decoding=\"async\" width=\"1431\" height=\"891\" src=\"https:\/\/karsten-nendel-stiftung.de\/kns\/wp-content\/uploads\/2025\/04\/WhatsApp-Image-2025-04-06-at-11.41.08.jpeg\" alt=\"\" class=\"wp-image-1112\" srcset=\"https:\/\/karsten-nendel-stiftung.de\/kns\/wp-content\/uploads\/2025\/04\/WhatsApp-Image-2025-04-06-at-11.41.08.jpeg 1431w, https:\/\/karsten-nendel-stiftung.de\/kns\/wp-content\/uploads\/2025\/04\/WhatsApp-Image-2025-04-06-at-11.41.08-768x478.jpeg 768w\" sizes=\"auto, (max-width: 1431px) 100vw, 1431px\" \/><\/figure>\n\n\n\n<p><strong>Der Grasfrosch (Rana temporaria)<\/strong><\/p>\n\n\n\n<p>Der&nbsp;<strong>Grasfrosch<\/strong>&nbsp;ist eine der bekanntesten heimischen Amphibienarten und ein typischer Fr\u00fchlingsbote. Mit seiner br\u00e4unlichen bis olivgr\u00fcnen F\u00e4rbung, dunklen Flecken und kr\u00e4ftigen Sprungbeinen ist er gut an ein Leben im feuchten Umfeld angepasst.<\/p>\n\n\n\n<p><strong>Verbreitung &amp; Lebensraum<\/strong><\/p>\n\n\n\n<p>Grasfr\u00f6sche sind in fast ganz Europa verbreitet \u2013 von Irland bis Russland und von S\u00fcdeuropa bis in den hohen Norden. In Deutschland sind sie nahezu \u00fcberall anzutreffen, sogar in h\u00f6heren Lagen bis 2.500 Meter. Als Lebensraum bevorzugen sie feuchte Wiesen, W\u00e4lder, Moore und naturnahe G\u00e4rten. Wichtig ist die N\u00e4he zu einem Gew\u00e4sser, in das sie zur Laichzeit zur\u00fcckkehren.<\/p>\n\n\n\n<p><strong>Fortpflanzung<\/strong><\/p>\n\n\n\n<p>Im zeitigen Fr\u00fchjahr \u2013 meist im M\u00e4rz \u2013 beginnt die Laichzeit. Dann wandern die Fr\u00f6sche zu ihren Geburtsgew\u00e4ssern. Die Weibchen legen dort gro\u00dfe Laichballen mit mehreren Hundert bis \u00fcber 2.000 Eiern ab. Innerhalb weniger Wochen schl\u00fcpfen Kaulquappen, aus denen sich \u00fcber den Sommer junge Fr\u00f6sche entwickeln.<\/p>\n\n\n\n<p><strong>Gef\u00e4hrdung &amp; Schutz<\/strong><\/p>\n\n\n\n<p>Trotz ihrer weiten Verbreitung sind Grasfr\u00f6sche bedroht \u2013 vor allem durch den Verlust geeigneter Lebensr\u00e4ume, Stra\u00dfenverkehr w\u00e4hrend der Laichwanderung und Pestizide.<\/p>\n\n\n\n<p>In Deutschland stehen Grasfr\u00f6sche unter&nbsp;<strong>besonderem Schutz<\/strong>&nbsp;(Bundesnaturschutzgesetz) und sind nach&nbsp;<strong>Anhang V der FFH-Richtlinie<\/strong>&nbsp;gesch\u00fctzt. Zahlreiche Schutzma\u00dfnahmen \u2013 wie Amphibienschutzz\u00e4une oder Biotopvernetzungen \u2013 helfen, die Population zu erhalten.<\/p>\n\n\n\n<pre class=\"wp-block-preformatted\">Quellenangaben:<br>1.\tBundesamt f\u00fcr Naturschutz (BfN):<br>        Artsteckbrief Rana temporaria<br>        <a href=\"http:\/\/www.bfn.de\">www.bfn.de<\/a><br>2.\tLandesanstalt f\u00fcr Umwelt Baden-W\u00fcrttemberg (LUBW):<br>        Arteninformationen Amphibien \u2013 Grasfrosch<br>        <a href=\"http:\/\/www.lubw.baden-wuerttemberg.de\">www.lubw.baden-wuerttemberg.de<\/a><br>3.\tNABU \u2013 Naturschutzbund Deutschland e.\u202fV.:<br>        Steckbrief Grasfrosch: Lebensweise, Schutz, Gef\u00e4hrdung<br>        <a href=\"http:\/\/www.nabu.de\">www.nabu.de<\/a><br>4.\tRote Liste der gef\u00e4hrdeten Arten Deutschlands (Amphibien):<br>        Hrsg. Bundesamt f\u00fcr Naturschutz (BfN) \u2013 aktuelle Rote Liste<br>        <a href=\"http:\/\/www.rote-liste-zentrum.de\">www.rote-liste-zentrum.de<\/a><br>5.\tFFH-Richtlinie (Fauna-Flora-Habitat-Richtlinie der EU):<br>        Anhang V \u2013 Gesch\u00fctzte Arten von gemeinschaftlichem Interesse<br>        <a href=\"http:\/\/eur-lex.europa.eu\">eur-lex.europa.eu<\/a><\/pre>\n","protected":false},"excerpt":{"rendered":"<p>Auf dem Stiftungsgel\u00e4nde f\u00fchlen sich die Grasfr\u00f6sche heimisch. Bei einem abendlichen Rundgang auf dem Stiftungsgel\u00e4nde konnte dieses P\u00e4rchen entdeckt werden. Im angelegten Teich der Stiftung sorgten sie f\u00fcr Nachwuchs, der Laich ist gro\u00dfz\u00fcgig angelegt. Der Grasfrosch (Rana temporaria) Der&nbsp;Grasfrosch&nbsp;ist eine der bekanntesten heimischen Amphibienarten&#8230;<\/p>\n","protected":false},"author":2,"featured_media":0,"comment_status":"closed","ping_status":"closed","sticky":false,"template":"","format":"standard","meta":{"give_campaign_id":0,"two_page_speed":[],"footnotes":""},"categories":[21],"tags":[80,6,7,5,8,11],"class_list":["post-1110","post","type-post","status-publish","format-standard","hentry","category-itzbachtal","tag-amphibien","tag-itzbachtal","tag-karsten-nendel-stiftung","tag-naturschutz","tag-siersburg","tag-teichlandschaft"],"yoast_head":"<!-- This site is optimized with the Yoast SEO plugin v27.5 - https:\/\/yoast.com\/product\/yoast-seo-wordpress\/ -->\n<title>Grasfr\u00f6sche f\u00fchlen sich wohl - Karsten-Nendel-Stiftung<\/title>\n<meta name=\"description\" content=\"Der Grasfrosch ist ein gesch\u00fctzter heimischer Amphib: Lebensraum, Fortpflanzung &amp; Gef\u00e4hrdung im \u00dcberblick \u2013 kompakt erkl\u00e4rt f\u00fcr Naturfreunde.\" \/>\n<meta name=\"robots\" content=\"index, follow, max-snippet:-1, max-image-preview:large, max-video-preview:-1\" \/>\n<link rel=\"canonical\" href=\"https:\/\/karsten-nendel-stiftung.de\/kns\/grasfroesche-fuehlen-sich-wohl\/\" \/>\n<meta property=\"og:locale\" content=\"de_DE\" \/>\n<meta property=\"og:type\" content=\"article\" \/>\n<meta property=\"og:title\" content=\"Grasfr\u00f6sche f\u00fchlen sich wohl - Karsten-Nendel-Stiftung\" \/>\n<meta property=\"og:description\" content=\"Der Grasfrosch ist ein gesch\u00fctzter heimischer Amphib: Lebensraum, Fortpflanzung &amp; Gef\u00e4hrdung im \u00dcberblick \u2013 kompakt erkl\u00e4rt f\u00fcr Naturfreunde.\" \/>\n<meta property=\"og:url\" content=\"https:\/\/karsten-nendel-stiftung.de\/kns\/grasfroesche-fuehlen-sich-wohl\/\" \/>\n<meta property=\"og:site_name\" content=\"Karsten-Nendel-Stiftung\" \/>\n<meta property=\"article:published_time\" content=\"2025-04-06T10:52:38+00:00\" \/>\n<meta property=\"article:modified_time\" content=\"2025-04-06T11:12:03+00:00\" \/>\n<meta property=\"og:image\" content=\"https:\/\/karsten-nendel-stiftung.de\/kns\/wp-content\/uploads\/2025\/04\/WhatsApp-Image-2025-04-01-at-06.15.56.jpeg\" \/>\n<meta name=\"author\" content=\"Alexander Thiel\" \/>\n<meta name=\"twitter:card\" content=\"summary_large_image\" \/>\n<meta name=\"twitter:label1\" content=\"Verfasst von\" \/>\n\t<meta name=\"twitter:data1\" content=\"Alexander Thiel\" \/>\n\t<meta name=\"twitter:label2\" content=\"Gesch\u00e4tzte Lesezeit\" \/>\n\t<meta name=\"twitter:data2\" content=\"2\u00a0Minuten\" \/>\n<script type=\"application\/ld+json\" class=\"yoast-schema-graph\">{\"@context\":\"https:\\\/\\\/schema.org\",\"@graph\":[{\"@type\":\"Article\",\"@id\":\"https:\\\/\\\/karsten-nendel-stiftung.de\\\/kns\\\/grasfroesche-fuehlen-sich-wohl\\\/#article\",\"isPartOf\":{\"@id\":\"https:\\\/\\\/karsten-nendel-stiftung.de\\\/kns\\\/grasfroesche-fuehlen-sich-wohl\\\/\"},\"author\":{\"name\":\"Alexander Thiel\",\"@id\":\"https:\\\/\\\/karsten-nendel-stiftung.de\\\/kns\\\/#\\\/schema\\\/person\\\/2cea811de15e3ab7a1a84b7b30dc7f6a\"},\"headline\":\"Grasfr\u00f6sche f\u00fchlen sich wohl\",\"datePublished\":\"2025-04-06T10:52:38+00:00\",\"dateModified\":\"2025-04-06T11:12:03+00:00\",\"mainEntityOfPage\":{\"@id\":\"https:\\\/\\\/karsten-nendel-stiftung.de\\\/kns\\\/grasfroesche-fuehlen-sich-wohl\\\/\"},\"wordCount\":273,\"publisher\":{\"@id\":\"https:\\\/\\\/karsten-nendel-stiftung.de\\\/kns\\\/#organization\"},\"image\":{\"@id\":\"https:\\\/\\\/karsten-nendel-stiftung.de\\\/kns\\\/grasfroesche-fuehlen-sich-wohl\\\/#primaryimage\"},\"thumbnailUrl\":\"https:\\\/\\\/karsten-nendel-stiftung.de\\\/kns\\\/wp-content\\\/uploads\\\/2025\\\/04\\\/WhatsApp-Image-2025-04-01-at-06.15.56.jpeg\",\"keywords\":[\"Amphibien\",\"Itzbachtal\",\"Karsten-Nendel-Stiftung\",\"Naturschutz\",\"Siersburg\",\"Teichlandschaft\"],\"articleSection\":[\"Itzbachtal\"],\"inLanguage\":\"de\"},{\"@type\":\"WebPage\",\"@id\":\"https:\\\/\\\/karsten-nendel-stiftung.de\\\/kns\\\/grasfroesche-fuehlen-sich-wohl\\\/\",\"url\":\"https:\\\/\\\/karsten-nendel-stiftung.de\\\/kns\\\/grasfroesche-fuehlen-sich-wohl\\\/\",\"name\":\"Grasfr\u00f6sche f\u00fchlen sich wohl - Karsten-Nendel-Stiftung\",\"isPartOf\":{\"@id\":\"https:\\\/\\\/karsten-nendel-stiftung.de\\\/kns\\\/#website\"},\"primaryImageOfPage\":{\"@id\":\"https:\\\/\\\/karsten-nendel-stiftung.de\\\/kns\\\/grasfroesche-fuehlen-sich-wohl\\\/#primaryimage\"},\"image\":{\"@id\":\"https:\\\/\\\/karsten-nendel-stiftung.de\\\/kns\\\/grasfroesche-fuehlen-sich-wohl\\\/#primaryimage\"},\"thumbnailUrl\":\"https:\\\/\\\/karsten-nendel-stiftung.de\\\/kns\\\/wp-content\\\/uploads\\\/2025\\\/04\\\/WhatsApp-Image-2025-04-01-at-06.15.56.jpeg\",\"datePublished\":\"2025-04-06T10:52:38+00:00\",\"dateModified\":\"2025-04-06T11:12:03+00:00\",\"description\":\"Der Grasfrosch ist ein gesch\u00fctzter heimischer Amphib: Lebensraum, Fortpflanzung & Gef\u00e4hrdung im \u00dcberblick \u2013 kompakt erkl\u00e4rt f\u00fcr Naturfreunde.\",\"breadcrumb\":{\"@id\":\"https:\\\/\\\/karsten-nendel-stiftung.de\\\/kns\\\/grasfroesche-fuehlen-sich-wohl\\\/#breadcrumb\"},\"inLanguage\":\"de\",\"potentialAction\":[{\"@type\":\"ReadAction\",\"target\":[\"https:\\\/\\\/karsten-nendel-stiftung.de\\\/kns\\\/grasfroesche-fuehlen-sich-wohl\\\/\"]}]},{\"@type\":\"ImageObject\",\"inLanguage\":\"de\",\"@id\":\"https:\\\/\\\/karsten-nendel-stiftung.de\\\/kns\\\/grasfroesche-fuehlen-sich-wohl\\\/#primaryimage\",\"url\":\"https:\\\/\\\/karsten-nendel-stiftung.de\\\/kns\\\/wp-content\\\/uploads\\\/2025\\\/04\\\/WhatsApp-Image-2025-04-01-at-06.15.56.jpeg\",\"contentUrl\":\"https:\\\/\\\/karsten-nendel-stiftung.de\\\/kns\\\/wp-content\\\/uploads\\\/2025\\\/04\\\/WhatsApp-Image-2025-04-01-at-06.15.56.jpeg\",\"width\":1148,\"height\":2040},{\"@type\":\"BreadcrumbList\",\"@id\":\"https:\\\/\\\/karsten-nendel-stiftung.de\\\/kns\\\/grasfroesche-fuehlen-sich-wohl\\\/#breadcrumb\",\"itemListElement\":[{\"@type\":\"ListItem\",\"position\":1,\"name\":\"Startseite\",\"item\":\"https:\\\/\\\/karsten-nendel-stiftung.de\\\/kns\\\/\"},{\"@type\":\"ListItem\",\"position\":2,\"name\":\"Grasfr\u00f6sche f\u00fchlen sich wohl\"}]},{\"@type\":\"WebSite\",\"@id\":\"https:\\\/\\\/karsten-nendel-stiftung.de\\\/kns\\\/#website\",\"url\":\"https:\\\/\\\/karsten-nendel-stiftung.de\\\/kns\\\/\",\"name\":\"Karsten-Nendel-Stiftung\",\"description\":\"Naturschutz: F\u00fcr die Natur, mit der Natur!\",\"publisher\":{\"@id\":\"https:\\\/\\\/karsten-nendel-stiftung.de\\\/kns\\\/#organization\"},\"potentialAction\":[{\"@type\":\"SearchAction\",\"target\":{\"@type\":\"EntryPoint\",\"urlTemplate\":\"https:\\\/\\\/karsten-nendel-stiftung.de\\\/kns\\\/?s={search_term_string}\"},\"query-input\":{\"@type\":\"PropertyValueSpecification\",\"valueRequired\":true,\"valueName\":\"search_term_string\"}}],\"inLanguage\":\"de\"},{\"@type\":\"Organization\",\"@id\":\"https:\\\/\\\/karsten-nendel-stiftung.de\\\/kns\\\/#organization\",\"name\":\"Karsten-Nendel-Stiftung\",\"url\":\"https:\\\/\\\/karsten-nendel-stiftung.de\\\/kns\\\/\",\"logo\":{\"@type\":\"ImageObject\",\"inLanguage\":\"de\",\"@id\":\"https:\\\/\\\/karsten-nendel-stiftung.de\\\/kns\\\/#\\\/schema\\\/logo\\\/image\\\/\",\"url\":\"https:\\\/\\\/karsten-nendel-stiftung.de\\\/kns\\\/wp-content\\\/uploads\\\/2022\\\/05\\\/logo2-1-e1655799995143.png\",\"contentUrl\":\"https:\\\/\\\/karsten-nendel-stiftung.de\\\/kns\\\/wp-content\\\/uploads\\\/2022\\\/05\\\/logo2-1-e1655799995143.png\",\"width\":350,\"height\":207,\"caption\":\"Karsten-Nendel-Stiftung\"},\"image\":{\"@id\":\"https:\\\/\\\/karsten-nendel-stiftung.de\\\/kns\\\/#\\\/schema\\\/logo\\\/image\\\/\"}},{\"@type\":\"Person\",\"@id\":\"https:\\\/\\\/karsten-nendel-stiftung.de\\\/kns\\\/#\\\/schema\\\/person\\\/2cea811de15e3ab7a1a84b7b30dc7f6a\",\"name\":\"Alexander Thiel\",\"image\":{\"@type\":\"ImageObject\",\"inLanguage\":\"de\",\"@id\":\"https:\\\/\\\/secure.gravatar.com\\\/avatar\\\/af8fb577a9cd0c326104291a2534379d7bee2b994c68272c87e25cc0cfa89bbe?s=96&d=mm&r=g\",\"url\":\"https:\\\/\\\/secure.gravatar.com\\\/avatar\\\/af8fb577a9cd0c326104291a2534379d7bee2b994c68272c87e25cc0cfa89bbe?s=96&d=mm&r=g\",\"contentUrl\":\"https:\\\/\\\/secure.gravatar.com\\\/avatar\\\/af8fb577a9cd0c326104291a2534379d7bee2b994c68272c87e25cc0cfa89bbe?s=96&d=mm&r=g\",\"caption\":\"Alexander Thiel\"},\"url\":\"https:\\\/\\\/karsten-nendel-stiftung.de\\\/kns\\\/author\\\/admin_wp\\\/\"}]}<\/script>\n<!-- \/ Yoast SEO plugin. -->","yoast_head_json":{"title":"Grasfr\u00f6sche f\u00fchlen sich wohl - Karsten-Nendel-Stiftung","description":"Der Grasfrosch ist ein gesch\u00fctzter heimischer Amphib: Lebensraum, Fortpflanzung & Gef\u00e4hrdung im \u00dcberblick \u2013 kompakt erkl\u00e4rt f\u00fcr Naturfreunde.","robots":{"index":"index","follow":"follow","max-snippet":"max-snippet:-1","max-image-preview":"max-image-preview:large","max-video-preview":"max-video-preview:-1"},"canonical":"https:\/\/karsten-nendel-stiftung.de\/kns\/grasfroesche-fuehlen-sich-wohl\/","og_locale":"de_DE","og_type":"article","og_title":"Grasfr\u00f6sche f\u00fchlen sich wohl - Karsten-Nendel-Stiftung","og_description":"Der Grasfrosch ist ein gesch\u00fctzter heimischer Amphib: Lebensraum, Fortpflanzung & Gef\u00e4hrdung im \u00dcberblick \u2013 kompakt erkl\u00e4rt f\u00fcr Naturfreunde.","og_url":"https:\/\/karsten-nendel-stiftung.de\/kns\/grasfroesche-fuehlen-sich-wohl\/","og_site_name":"Karsten-Nendel-Stiftung","article_published_time":"2025-04-06T10:52:38+00:00","article_modified_time":"2025-04-06T11:12:03+00:00","og_image":[{"url":"https:\/\/karsten-nendel-stiftung.de\/kns\/wp-content\/uploads\/2025\/04\/WhatsApp-Image-2025-04-01-at-06.15.56.jpeg","type":"","width":"","height":""}],"author":"Alexander Thiel","twitter_card":"summary_large_image","twitter_misc":{"Verfasst von":"Alexander Thiel","Gesch\u00e4tzte Lesezeit":"2\u00a0Minuten"},"schema":{"@context":"https:\/\/schema.org","@graph":[{"@type":"Article","@id":"https:\/\/karsten-nendel-stiftung.de\/kns\/grasfroesche-fuehlen-sich-wohl\/#article","isPartOf":{"@id":"https:\/\/karsten-nendel-stiftung.de\/kns\/grasfroesche-fuehlen-sich-wohl\/"},"author":{"name":"Alexander Thiel","@id":"https:\/\/karsten-nendel-stiftung.de\/kns\/#\/schema\/person\/2cea811de15e3ab7a1a84b7b30dc7f6a"},"headline":"Grasfr\u00f6sche f\u00fchlen sich wohl","datePublished":"2025-04-06T10:52:38+00:00","dateModified":"2025-04-06T11:12:03+00:00","mainEntityOfPage":{"@id":"https:\/\/karsten-nendel-stiftung.de\/kns\/grasfroesche-fuehlen-sich-wohl\/"},"wordCount":273,"publisher":{"@id":"https:\/\/karsten-nendel-stiftung.de\/kns\/#organization"},"image":{"@id":"https:\/\/karsten-nendel-stiftung.de\/kns\/grasfroesche-fuehlen-sich-wohl\/#primaryimage"},"thumbnailUrl":"https:\/\/karsten-nendel-stiftung.de\/kns\/wp-content\/uploads\/2025\/04\/WhatsApp-Image-2025-04-01-at-06.15.56.jpeg","keywords":["Amphibien","Itzbachtal","Karsten-Nendel-Stiftung","Naturschutz","Siersburg","Teichlandschaft"],"articleSection":["Itzbachtal"],"inLanguage":"de"},{"@type":"WebPage","@id":"https:\/\/karsten-nendel-stiftung.de\/kns\/grasfroesche-fuehlen-sich-wohl\/","url":"https:\/\/karsten-nendel-stiftung.de\/kns\/grasfroesche-fuehlen-sich-wohl\/","name":"Grasfr\u00f6sche f\u00fchlen sich wohl - Karsten-Nendel-Stiftung","isPartOf":{"@id":"https:\/\/karsten-nendel-stiftung.de\/kns\/#website"},"primaryImageOfPage":{"@id":"https:\/\/karsten-nendel-stiftung.de\/kns\/grasfroesche-fuehlen-sich-wohl\/#primaryimage"},"image":{"@id":"https:\/\/karsten-nendel-stiftung.de\/kns\/grasfroesche-fuehlen-sich-wohl\/#primaryimage"},"thumbnailUrl":"https:\/\/karsten-nendel-stiftung.de\/kns\/wp-content\/uploads\/2025\/04\/WhatsApp-Image-2025-04-01-at-06.15.56.jpeg","datePublished":"2025-04-06T10:52:38+00:00","dateModified":"2025-04-06T11:12:03+00:00","description":"Der Grasfrosch ist ein gesch\u00fctzter heimischer Amphib: Lebensraum, Fortpflanzung & Gef\u00e4hrdung im \u00dcberblick \u2013 kompakt erkl\u00e4rt f\u00fcr Naturfreunde.","breadcrumb":{"@id":"https:\/\/karsten-nendel-stiftung.de\/kns\/grasfroesche-fuehlen-sich-wohl\/#breadcrumb"},"inLanguage":"de","potentialAction":[{"@type":"ReadAction","target":["https:\/\/karsten-nendel-stiftung.de\/kns\/grasfroesche-fuehlen-sich-wohl\/"]}]},{"@type":"ImageObject","inLanguage":"de","@id":"https:\/\/karsten-nendel-stiftung.de\/kns\/grasfroesche-fuehlen-sich-wohl\/#primaryimage","url":"https:\/\/karsten-nendel-stiftung.de\/kns\/wp-content\/uploads\/2025\/04\/WhatsApp-Image-2025-04-01-at-06.15.56.jpeg","contentUrl":"https:\/\/karsten-nendel-stiftung.de\/kns\/wp-content\/uploads\/2025\/04\/WhatsApp-Image-2025-04-01-at-06.15.56.jpeg","width":1148,"height":2040},{"@type":"BreadcrumbList","@id":"https:\/\/karsten-nendel-stiftung.de\/kns\/grasfroesche-fuehlen-sich-wohl\/#breadcrumb","itemListElement":[{"@type":"ListItem","position":1,"name":"Startseite","item":"https:\/\/karsten-nendel-stiftung.de\/kns\/"},{"@type":"ListItem","position":2,"name":"Grasfr\u00f6sche f\u00fchlen sich wohl"}]},{"@type":"WebSite","@id":"https:\/\/karsten-nendel-stiftung.de\/kns\/#website","url":"https:\/\/karsten-nendel-stiftung.de\/kns\/","name":"Karsten-Nendel-Stiftung","description":"Naturschutz: F\u00fcr die Natur, mit der Natur!","publisher":{"@id":"https:\/\/karsten-nendel-stiftung.de\/kns\/#organization"},"potentialAction":[{"@type":"SearchAction","target":{"@type":"EntryPoint","urlTemplate":"https:\/\/karsten-nendel-stiftung.de\/kns\/?s={search_term_string}"},"query-input":{"@type":"PropertyValueSpecification","valueRequired":true,"valueName":"search_term_string"}}],"inLanguage":"de"},{"@type":"Organization","@id":"https:\/\/karsten-nendel-stiftung.de\/kns\/#organization","name":"Karsten-Nendel-Stiftung","url":"https:\/\/karsten-nendel-stiftung.de\/kns\/","logo":{"@type":"ImageObject","inLanguage":"de","@id":"https:\/\/karsten-nendel-stiftung.de\/kns\/#\/schema\/logo\/image\/","url":"https:\/\/karsten-nendel-stiftung.de\/kns\/wp-content\/uploads\/2022\/05\/logo2-1-e1655799995143.png","contentUrl":"https:\/\/karsten-nendel-stiftung.de\/kns\/wp-content\/uploads\/2022\/05\/logo2-1-e1655799995143.png","width":350,"height":207,"caption":"Karsten-Nendel-Stiftung"},"image":{"@id":"https:\/\/karsten-nendel-stiftung.de\/kns\/#\/schema\/logo\/image\/"}},{"@type":"Person","@id":"https:\/\/karsten-nendel-stiftung.de\/kns\/#\/schema\/person\/2cea811de15e3ab7a1a84b7b30dc7f6a","name":"Alexander Thiel","image":{"@type":"ImageObject","inLanguage":"de","@id":"https:\/\/secure.gravatar.com\/avatar\/af8fb577a9cd0c326104291a2534379d7bee2b994c68272c87e25cc0cfa89bbe?s=96&d=mm&r=g","url":"https:\/\/secure.gravatar.com\/avatar\/af8fb577a9cd0c326104291a2534379d7bee2b994c68272c87e25cc0cfa89bbe?s=96&d=mm&r=g","contentUrl":"https:\/\/secure.gravatar.com\/avatar\/af8fb577a9cd0c326104291a2534379d7bee2b994c68272c87e25cc0cfa89bbe?s=96&d=mm&r=g","caption":"Alexander Thiel"},"url":"https:\/\/karsten-nendel-stiftung.de\/kns\/author\/admin_wp\/"}]}},"_links":{"self":[{"href":"https:\/\/karsten-nendel-stiftung.de\/kns\/wp-json\/wp\/v2\/posts\/1110","targetHints":{"allow":["GET"]}}],"collection":[{"href":"https:\/\/karsten-nendel-stiftung.de\/kns\/wp-json\/wp\/v2\/posts"}],"about":[{"href":"https:\/\/karsten-nendel-stiftung.de\/kns\/wp-json\/wp\/v2\/types\/post"}],"author":[{"embeddable":true,"href":"https:\/\/karsten-nendel-stiftung.de\/kns\/wp-json\/wp\/v2\/users\/2"}],"replies":[{"embeddable":true,"href":"https:\/\/karsten-nendel-stiftung.de\/kns\/wp-json\/wp\/v2\/comments?post=1110"}],"version-history":[{"count":6,"href":"https:\/\/karsten-nendel-stiftung.de\/kns\/wp-json\/wp\/v2\/posts\/1110\/revisions"}],"predecessor-version":[{"id":1122,"href":"https:\/\/karsten-nendel-stiftung.de\/kns\/wp-json\/wp\/v2\/posts\/1110\/revisions\/1122"}],"wp:attachment":[{"href":"https:\/\/karsten-nendel-stiftung.de\/kns\/wp-json\/wp\/v2\/media?parent=1110"}],"wp:term":[{"taxonomy":"category","embeddable":true,"href":"https:\/\/karsten-nendel-stiftung.de\/kns\/wp-json\/wp\/v2\/categories?post=1110"},{"taxonomy":"post_tag","embeddable":true,"href":"https:\/\/karsten-nendel-stiftung.de\/kns\/wp-json\/wp\/v2\/tags?post=1110"}],"curies":[{"name":"wp","href":"https:\/\/api.w.org\/{rel}","templated":true}]}}