{"id":1379,"date":"2025-09-01T16:40:34","date_gmt":"2025-09-01T14:40:34","guid":{"rendered":"https:\/\/karsten-nendel-stiftung.de\/kns\/?p=1379"},"modified":"2025-09-01T16:44:03","modified_gmt":"2025-09-01T14:44:03","slug":"fischadler-beringung-linum","status":"publish","type":"post","link":"https:\/\/karsten-nendel-stiftung.de\/kns\/fischadler-beringung-linum\/","title":{"rendered":"Drei junge Fischadler in den Linumer Teichen beringt"},"content":{"rendered":"\n<p><strong>Linum, 25. Juni 2025<\/strong>&nbsp;\u2013 Bei einer Beringungsaktion in den Linumer Teichen konnten drei junge Fischadler (<em>Pandion haliaetus<\/em>) am Horst eines abgestorbenen Pappelstamms untersucht werden. Zwei Jungv\u00f6gel \u2013 830 g und 990 g schwer \u2013 erhielten jeweils einen Farbring (PC68\/PC69) sowie H\u00f6henringe. Der dritte, mit 650 g j\u00fcngste Vogel, war noch zu klein f\u00fcr die Beringung. Alle drei Jungtiere befinden sich in gutem Ern\u00e4hrungszustand, etwa 3,5\u20134,5 Wochen alt.<\/p>\n\n\n\n<p>Biologe Henry Lange (LK OPR) zeigte sich zufrieden: \u201eEine erfreuliche Nachwuchsrate \u2013 die Adler haben das Gebiet erneut erfolgreich zur Brut genutzt.\u201c<\/p>\n\n\n\n<hr class=\"wp-block-separator has-alpha-channel-opacity\"\/>\n\n\n\n<h3 class=\"wp-block-heading\"><strong>Bedeutung der Linumer Teiche<\/strong><\/h3>\n\n\n\n<p>Die Linumer Teiche sind Teil des europ\u00e4ischen Vogelschutzgebiets&nbsp;<strong>Rhin-Havelluch<\/strong>&nbsp;und z\u00e4hlen zu den wichtigsten Rastpl\u00e4tzen f\u00fcr Kraniche und Wildg\u00e4nse in Mitteleuropa. Doch auch Greifv\u00f6gel wie See- und Fischadler finden hier reichlich Nahrung und sichere Brutpl\u00e4tze.<\/p>\n\n\n\n<p>Ein wichtiger Partner im Schutz dieser Lebensr\u00e4ume ist die&nbsp;<strong>Karsten-Nendel-Stiftung<\/strong>, die sich seit Jahren f\u00fcr den Erhalt von Greifv\u00f6geln engagiert. In Zusammenarbeit mit regionalen Natursch\u00fctzern errichtet sie Nisthilfen und unterst\u00fctzt Forschungs- und Schutzma\u00dfnahmen \u2013 auch in Linum.<\/p>\n\n\n\n<hr class=\"wp-block-separator has-alpha-channel-opacity\"\/>\n\n\n\n<h3 class=\"wp-block-heading\"><strong>Ausblick<\/strong><\/h3>\n\n\n\n<p>Der Fischadlerbestand in Deutschland hat sich in den letzten Jahrzehnten zwar erholt, bleibt aber weiter schutzbed\u00fcrftig. Jeder erfolgreiche Brutnachweis wie in Linum ist daher ein wertvoller Beitrag zum Erhalt dieser eindrucksvollen Art.<\/p>\n\n\n\n<p><strong>Tipp f\u00fcr Naturfreunde:<\/strong>&nbsp;Ein Besuch der Linumer Teiche im Herbst bietet unvergessliche Einblicke in die Vogelwelt \u2013 von tausenden Kranichen bis hin zu jagenden Adlern.<\/p>\n\n\n\n<style id=\"bwg-style-0\">      #bwg_container1_0 #bwg_container2_0 #bwg_mosaic_thumbnails_div_0 {        width: 100%;        position: relative;        background-color: rgba(255, 255, 255, 0.00);        text-align: center;        justify-content: center;                  margin-left: auto;          margin-right: auto;                    padding-left: 2px;          padding-top: 2px;                }          #bwg_container1_0 #bwg_container2_0 .bwg_mosaic_thumb_spun_0 {        display: block;        position: absolute;\t\t\t\tborder-radius: 0;\t\t\t\tborder: 0px none #CCCCCC;    \t\t    \t\tbackground-color:rgba(0,0,0, 0.30);        -moz-box-sizing: content-box !important;        -webkit-box-sizing: content-box !important;        box-sizing: content-box !important;      }\t\t\t#bwg_container1_0 #bwg_container2_0 .bwg_mosaic_thumb_0 {\t\t\t\tdisplay: block;\t\t\t\t-moz-box-sizing: content-box !important;\t\t\t\t-webkit-box-sizing: content-box !important;\t\t\t\tbox-sizing: content-box !important;\t\t\t\tmargin: 0;\t\t\t\topacity: 1.00;\t\t\t}      #bwg_container1_0 #bwg_container2_0 .bwg_mosaic_thumb_spun_0:hover {        opacity: 1;        backface-visibility: hidden;        -webkit-backface-visibility: hidden;        -moz-backface-visibility: hidden;        -ms-backface-visibility: hidden;        z-index: 102;      }\t     @media only screen and (min-width: 480px) {\t\t#bwg_container1_0 #bwg_container2_0 .bwg-container-0.bwg-mosaic-thumbnails .bwg-item0 img {\t\t\t-webkit-transition: -webkit-transform .3s; transition: transform .3s;\t\t}\t\t#bwg_container1_0 #bwg_container2_0 .bwg-container-0.bwg-mosaic-thumbnails .bwg-item0 img:hover {\t\t\t-ms-transform: scale(1.08);\t\t\t-webkit-transform: scale(1.08);\t\t\ttransform: scale(1.08);\t\t}\t\t      }\t      #bwg_container1_0 #bwg_container2_0 .bwg_mosaic_thumbnails_0 {        background-color: rgba(255, 255, 255, 0.00);        font-size: 0;        position: relative;        text-align: center;        display: inline-block;        visibility: hidden;              }\t  \/*image title styles*\/      #bwg_container1_0 #bwg_container2_0 .bwg_mosaic_title_spun1_0,      #bwg_container1_0 #bwg_container2_0 .bwg-mosaic-thumbnails .bwg_ecommerce_spun1_0 {        position: absolute;        display: block;        opacity: 0;        box-sizing: border-box;        text-align: center;\t\t\t\ttop: 50%;\t\t\t\tleft: 50%;\t\t\t\ttransform: translate(-50%, -50%);      }      #bwg_container1_0 #bwg_container2_0 .bwg-mosaic-thumbnails .bwg_mosaic_title_spun2_0,      #bwg_container1_0 #bwg_container2_0 .bwg-mosaic-thumbnails .bwg_ecommerce_spun2_0 {\t\t    color: #323A45;        font-family: Ubuntu;        font-size: 16px;        font-weight: bold;        text-shadow: ;        vertical-align: middle;        word-wrap: break-word;      }            .bwg_mosaic_play_icon_spun_0 {        display: table;        position: absolute;        left: -10000px;        top: 0px;        opacity: 0;      }      .bwg_mosaic_play_icon_0 {        color: #323A45;        font-size: 32px;        vertical-align: middle;        display: table-cell !important;        z-index: 1;        text-align: center;        margin: 0 auto;      }      #bwg_container1_0 #bwg_container2_0 .bwg_gal_title_0 {        background-color: rgba(0, 0, 0, 0);        color: #323A45;        display: block;        font-family: Ubuntu;        font-size: 16px;        font-weight: bold;        padding: 2px;        text-shadow: ;        text-align: center;      }            @media screen and (max-width: 350px) {      div[class^=\"bwg_mosaic_thumbnails_\"],      span[class^=\"bwg_mosaic_thumb_spun_\"] {      width: 100% !important;      }      img[class^=\"bwg_mosaic_thumb_\"] {      width: 100% !important;      height: auto !important;      margin: 0px auto !important;      }      }      <\/style>    <div id=\"bwg_container1_0\"         class=\"bwg_container bwg_thumbnail bwg_thumbnails_mosaic \"         data-right-click-protection=\"0\"         data-bwg=\"0\"         data-scroll=\"0\"         data-gallery-type=\"thumbnails_mosaic\"         data-gallery-view-type=\"thumbnails_mosaic\"         data-current-url=\"\/kns\/wp-json\/wp\/v2\/posts\/1379\"         data-lightbox-url=\"https:\/\/karsten-nendel-stiftung.de\/kns\/wp-admin\/admin-ajax.php?action=GalleryBox&#038;current_view=0&#038;gallery_id=32&#038;tag=0&#038;theme_id=1&#038;shortcode_id=75&#038;sort_by=order&#038;order_by=asc&#038;current_url=%2Fkns%2Fwp-json%2Fwp%2Fv2%2Fposts%2F1379\"         data-gallery-id=\"32\"         data-popup-width=\"800\"         data-popup-height=\"500\"         data-is-album=\"gallery\"         data-buttons-position=\"bottom\">      <div id=\"bwg_container2_0\">             <div id=\"ajax_loading_0\" class=\"bwg_loading_div_1\">      <div class=\"bwg_loading_div_2\">        <div class=\"bwg_loading_div_3\">          <div id=\"loading_div_0\" class=\"bwg_spider_ajax_loading\">          <\/div>        <\/div>      <\/div>    <\/div>            <form id=\"gal_front_form_0\"              class=\"bwg-hidden\"              method=\"post\"              action=\"#\"              data-current=\"0\"              data-shortcode-id=\"75\"              data-gallery-type=\"thumbnails_mosaic\"              data-gallery-id=\"32\"              data-tag=\"0\"              data-album-id=\"0\"              data-theme-id=\"1\"              data-ajax-url=\"https:\/\/karsten-nendel-stiftung.de\/kns\/wp-admin\/admin-ajax.php?action=bwg_frontend_data\">          <div id=\"bwg_container3_0\" class=\"bwg-background bwg-background-0\">                <div id=\"bwg_mosaic_thumbnails_div_0\"         class=\"bwg-container-0 bwg-container bwg-mosaic-thumbnails\"         data-bwg=\"0\"         data-mosaic-direction=\"vertical\"         data-resizable=\"0\"         data-width=\"250\"         data-height=\"250\"         data-total-width=\"100\"         data-block-id=\"bwg_thumbnails_mosaic_0\"         data-thumb-padding=\"2\"         data-thumb-border=\"0\"         data-title-margin=\"2px\"         data-image-title=\"none\"         data-play-icon=\"1\"         data-ecommerce-icon=\"none\"         data-gallery-id=\"32\"         data-lightbox-url=\"https:\/\/karsten-nendel-stiftung.de\/kns\/wp-admin\/admin-ajax.php?action=GalleryBox&#038;current_view=0&#038;gallery_id=32&#038;tag=0&#038;theme_id=1&#038;shortcode_id=75&#038;sort_by=order&#038;order_by=asc&#038;current_url=%2Fkns%2Fwp-json%2Fwp%2Fv2%2Fposts%2F1379\"         data-mosaic-thumb-transition=\"1\"         style=\"visibility: hidden\" >      <div id=\"bwg_thumbnails_mosaic_0\" class=\"bwg_mosaic_thumbnails_0\">                  <a  class=\"bwg-a bwg_lightbox bwg_lightbox_0\" href=\"https:\/\/karsten-nendel-stiftung.de\/kns\/wp-content\/uploads\/photo-gallery\/imported_from_media_libray\/WhatsApp-Image-2025-08-28-at-10.21.39.jpeg?bwg=1756737120\" data-image-id=\"351\" data-elementor-open-lightbox=\"no\">          <div class=\"bwg_mosaic_thumb_spun_0 bwg-item0 bwg-mosaic-thumb-span \">            <img decoding=\"async\" class=\"bwg_mosaic_thumb_0 skip-lazy bwg_img_clear bwg_img_custom \"                 id=\"351\"                 src=\"https:\/\/karsten-nendel-stiftung.de\/kns\/wp-content\/uploads\/photo-gallery\/imported_from_media_libray\/thumb\/WhatsApp-Image-2025-08-28-at-10.21.39.jpeg?bwg=1756737120\"                 data-src=\"https:\/\/karsten-nendel-stiftung.de\/kns\/wp-content\/uploads\/photo-gallery\/imported_from_media_libray\/thumb\/WhatsApp-Image-2025-08-28-at-10.21.39.jpeg?bwg=1756737120\"                 data-width=\"500.00\"                 data-height=\"375.00\"                 alt=\"001-Beringung_Linum_Fischadler_2025\"                 title=\"001-Beringung_Linum_Fischadler_2025\" \/>                      <\/div>        <\/a>                <a  class=\"bwg-a bwg_lightbox bwg_lightbox_0\" href=\"https:\/\/karsten-nendel-stiftung.de\/kns\/wp-content\/uploads\/photo-gallery\/imported_from_media_libray\/WhatsApp-Image-2025-08-28-at-10.21.39-2.jpeg?bwg=1756737120\" data-image-id=\"352\" data-elementor-open-lightbox=\"no\">          <div class=\"bwg_mosaic_thumb_spun_0 bwg-item0 bwg-mosaic-thumb-span \">            <img decoding=\"async\" class=\"bwg_mosaic_thumb_0 skip-lazy bwg_img_clear bwg_img_custom \"                 id=\"352\"                 src=\"https:\/\/karsten-nendel-stiftung.de\/kns\/wp-content\/uploads\/photo-gallery\/imported_from_media_libray\/thumb\/WhatsApp-Image-2025-08-28-at-10.21.39-2.jpeg?bwg=1756737120\"                 data-src=\"https:\/\/karsten-nendel-stiftung.de\/kns\/wp-content\/uploads\/photo-gallery\/imported_from_media_libray\/thumb\/WhatsApp-Image-2025-08-28-at-10.21.39-2.jpeg?bwg=1756737120\"                 data-width=\"375.00\"                 data-height=\"500.00\"                 alt=\"002-Beringung_Linum_Fischadler_2025\"                 title=\"002-Beringung_Linum_Fischadler_2025\" \/>                      <\/div>        <\/a>                <a  class=\"bwg-a bwg_lightbox bwg_lightbox_0\" href=\"https:\/\/karsten-nendel-stiftung.de\/kns\/wp-content\/uploads\/photo-gallery\/imported_from_media_libray\/WhatsApp-Image-2025-08-28-at-10.21.39-1.jpeg?bwg=1756737120\" data-image-id=\"353\" data-elementor-open-lightbox=\"no\">          <div class=\"bwg_mosaic_thumb_spun_0 bwg-item0 bwg-mosaic-thumb-span \">            <img decoding=\"async\" class=\"bwg_mosaic_thumb_0 skip-lazy bwg_img_clear bwg_img_custom \"                 id=\"353\"                 src=\"https:\/\/karsten-nendel-stiftung.de\/kns\/wp-content\/uploads\/photo-gallery\/imported_from_media_libray\/thumb\/WhatsApp-Image-2025-08-28-at-10.21.39-1.jpeg?bwg=1756737120\"                 data-src=\"https:\/\/karsten-nendel-stiftung.de\/kns\/wp-content\/uploads\/photo-gallery\/imported_from_media_libray\/thumb\/WhatsApp-Image-2025-08-28-at-10.21.39-1.jpeg?bwg=1756737120\"                 data-width=\"500.00\"                 data-height=\"375.00\"                 alt=\"003-Beringung_Linum_Fischadler_2025\"                 title=\"003-Beringung_Linum_Fischadler_2025\" \/>                      <\/div>        <\/a>                <a  class=\"bwg-a bwg_lightbox bwg_lightbox_0\" href=\"https:\/\/karsten-nendel-stiftung.de\/kns\/wp-content\/uploads\/photo-gallery\/imported_from_media_libray\/WhatsApp-Image-2025-08-28-at-10.21.38-1.jpeg?bwg=1756737120\" data-image-id=\"354\" data-elementor-open-lightbox=\"no\">          <div class=\"bwg_mosaic_thumb_spun_0 bwg-item0 bwg-mosaic-thumb-span \">            <img decoding=\"async\" class=\"bwg_mosaic_thumb_0 skip-lazy bwg_img_clear bwg_img_custom \"                 id=\"354\"                 src=\"https:\/\/karsten-nendel-stiftung.de\/kns\/wp-content\/uploads\/photo-gallery\/imported_from_media_libray\/thumb\/WhatsApp-Image-2025-08-28-at-10.21.38-1.jpeg?bwg=1756737120\"                 data-src=\"https:\/\/karsten-nendel-stiftung.de\/kns\/wp-content\/uploads\/photo-gallery\/imported_from_media_libray\/thumb\/WhatsApp-Image-2025-08-28-at-10.21.38-1.jpeg?bwg=1756737120\"                 data-width=\"500.00\"                 data-height=\"375.00\"                 alt=\"004-Beringung_Linum_Fischadler_2025\"                 title=\"004-Beringung_Linum_Fischadler_2025\" \/>                      <\/div>        <\/a>                <a  class=\"bwg-a bwg_lightbox bwg_lightbox_0\" href=\"https:\/\/karsten-nendel-stiftung.de\/kns\/wp-content\/uploads\/photo-gallery\/imported_from_media_libray\/WhatsApp-Image-2025-06-25-at-20.30.04.jpeg?bwg=1756737120\" data-image-id=\"355\" data-elementor-open-lightbox=\"no\">          <div class=\"bwg_mosaic_thumb_spun_0 bwg-item0 bwg-mosaic-thumb-span \">            <img decoding=\"async\" class=\"bwg_mosaic_thumb_0 skip-lazy bwg_img_clear bwg_img_custom \"                 id=\"355\"                 src=\"https:\/\/karsten-nendel-stiftung.de\/kns\/wp-content\/uploads\/photo-gallery\/imported_from_media_libray\/thumb\/WhatsApp-Image-2025-06-25-at-20.30.04.jpeg?bwg=1756737120\"                 data-src=\"https:\/\/karsten-nendel-stiftung.de\/kns\/wp-content\/uploads\/photo-gallery\/imported_from_media_libray\/thumb\/WhatsApp-Image-2025-06-25-at-20.30.04.jpeg?bwg=1756737120\"                 data-width=\"231.00\"                 data-height=\"500.00\"                 alt=\"005-Beringung_Linum_Fischadler_2025\"                 title=\"005-Beringung_Linum_Fischadler_2025\" \/>                      <\/div>        <\/a>                <a  class=\"bwg-a bwg_lightbox bwg_lightbox_0\" href=\"https:\/\/karsten-nendel-stiftung.de\/kns\/wp-content\/uploads\/photo-gallery\/imported_from_media_libray\/005.jpeg?bwg=1756737120\" data-image-id=\"358\" data-elementor-open-lightbox=\"no\">          <div class=\"bwg_mosaic_thumb_spun_0 bwg-item0 bwg-mosaic-thumb-span \">            <img decoding=\"async\" class=\"bwg_mosaic_thumb_0 skip-lazy bwg_img_clear bwg_img_custom \"                 id=\"358\"                 src=\"https:\/\/karsten-nendel-stiftung.de\/kns\/wp-content\/uploads\/photo-gallery\/imported_from_media_libray\/thumb\/005.jpeg?bwg=1756737120\"                 data-src=\"https:\/\/karsten-nendel-stiftung.de\/kns\/wp-content\/uploads\/photo-gallery\/imported_from_media_libray\/thumb\/005.jpeg?bwg=1756737120\"                 data-width=\"231.00\"                 data-height=\"500.00\"                 alt=\"008-Beringung_Linum_Fischadler_2025\"                 title=\"008-Beringung_Linum_Fischadler_2025\" \/>                      <\/div>        <\/a>                <a  class=\"bwg-a bwg_lightbox bwg_lightbox_0\" href=\"https:\/\/karsten-nendel-stiftung.de\/kns\/wp-content\/uploads\/photo-gallery\/imported_from_media_libray\/002.jpeg?bwg=1756737120\" data-image-id=\"359\" data-elementor-open-lightbox=\"no\">          <div class=\"bwg_mosaic_thumb_spun_0 bwg-item0 bwg-mosaic-thumb-span \">            <img decoding=\"async\" class=\"bwg_mosaic_thumb_0 skip-lazy bwg_img_clear bwg_img_custom \"                 id=\"359\"                 src=\"https:\/\/karsten-nendel-stiftung.de\/kns\/wp-content\/uploads\/photo-gallery\/imported_from_media_libray\/thumb\/002.jpeg?bwg=1756737120\"                 data-src=\"https:\/\/karsten-nendel-stiftung.de\/kns\/wp-content\/uploads\/photo-gallery\/imported_from_media_libray\/thumb\/002.jpeg?bwg=1756737120\"                 data-width=\"231.00\"                 data-height=\"500.00\"                 alt=\"009-Beringung_Linum_Fischadler_2025\"                 title=\"009-Beringung_Linum_Fischadler_2025\" \/>                      <\/div>        <\/a>            <\/div>    <\/div>    <style>      \/*pagination styles*\/      #bwg_container1_0 #bwg_container2_0 .tablenav-pages_0 {\t\t\t\ttext-align: center;\t\t\t\tfont-size: 12px;\t\t\t\tfont-family: Ubuntu;\t\t\t\tfont-weight: bold;\t\t\t\tcolor: #666666;\t\t\t\tmargin: 6px 0 4px;\t\t\t\tdisplay: block;      }      @media only screen and (max-width : 320px) {      #bwg_container1_0 #bwg_container2_0 .displaying-num_0 {     \t display: none;      }      }      #bwg_container1_0 #bwg_container2_0 .displaying-num_0 {\t\t\t\tfont-size: 12px;\t\t\t\tfont-family: Ubuntu;\t\t\t\tfont-weight: bold;\t\t\t\tcolor: #666666;\t\t\t\tmargin-right: 10px;\t\t\t\tvertical-align: middle;      }      #bwg_container1_0 #bwg_container2_0 .paging-input_0 {\t\t\t\tfont-size: 12px;\t\t\t\tfont-family: Ubuntu;\t\t\t\tfont-weight: bold;\t\t\t\tcolor: #666666;\t\t\t\tvertical-align: middle;      }      #bwg_container1_0 #bwg_container2_0 .tablenav-pages_0 a.disabled,      #bwg_container1_0 #bwg_container2_0 .tablenav-pages_0 a.disabled:hover,      #bwg_container1_0 #bwg_container2_0 .tablenav-pages_0 a.disabled:focus,\t\t\t#bwg_container1_0 #bwg_container2_0 .tablenav-pages_0 input.bwg_current_page {\t\t\t\tcursor: default;\t\t\t\tcolor: rgba(102, 102, 102, 0.5);      }      #bwg_container1_0 #bwg_container2_0 .tablenav-pages_0 a,      #bwg_container1_0 #bwg_container2_0 .tablenav-pages_0 input.bwg_current_page {\t\t\t\tcursor: pointer;\t\t\t\ttext-align: center;\t\t\t\tfont-size: 12px;\t\t\t\tfont-family: Ubuntu;\t\t\t\tfont-weight: bold;\t\t\t\tcolor: #666666;\t\t\t\ttext-decoration: none;\t\t\t\tpadding: 3px 6px;\t\t\t\tmargin: 0;\t\t\t\tborder-radius: 0;\t\t\t\tborder-style: solid;\t\t\t\tborder-width: 1px;\t\t\t\tborder-color: #E3E3E3;\t\t\t\t\t\t\t\tbackground-color: rgba(255, 255, 255, 1.00);\t\t\t\tbox-shadow: 0;\t\t\t\ttransition: all 0.3s ease 0s;-webkit-transition: all 0.3s ease 0s;      }      <\/style>      <span class=\"bwg_nav_cont_0\">              <div class=\"tablenav-pages_0\">                  <\/div>                <input type=\"hidden\" id=\"page_number_0\" name=\"page_number_0\" value=\"1\" \/>      <script type=\"text\/javascript\">        if( jQuery('.bwg_nav_cont_0').length > 1 ) {          jQuery('.bwg_nav_cont_0').first().remove()        }        function spider_page_0(cur, x, y, load_more) {          if (typeof load_more == \"undefined\") {            var load_more = false;          }          if (jQuery(cur).hasClass('disabled')) {            return false;          }          var items_county_0 = 1;          switch (y) {            case 1:              if (x >= items_county_0) {                document.getElementById('page_number_0').value = items_county_0;              }              else {                document.getElementById('page_number_0').value = x + 1;              }              break;            case 2:              document.getElementById('page_number_0').value = items_county_0;              break;            case -1:              if (x == 1) {                document.getElementById('page_number_0').value = 1;              }              else {                document.getElementById('page_number_0').value = x - 1;              }              break;            case -2:              document.getElementById('page_number_0').value = 1;              break;\t\t\t\t\t\tcase 0:              document.getElementById('page_number_0').value = x;              break;            default:              document.getElementById('page_number_0').value = 1;          }          bwg_ajax('gal_front_form_0', '0', 'bwg_thumbnails_mosaic_0', '0', '', 'gallery', 0, '', '', load_more, '', 1);        }                    jQuery('.first-page-0').on('click', function () {              spider_page_0(this, 1, -2, 'numeric');              return false;            });            jQuery('.prev-page-0').on('click', function () {              spider_page_0(this, 1, -1, 'numeric');              return false;            });            jQuery('.next-page-0').on('click', function () {              spider_page_0(this, 1, 1, 'numeric');              return false;            });            jQuery('.last-page-0').on('click', function () {              spider_page_0(this, 1, 2, 'numeric');              return false;            });        \t\t\t\t\/* Change page on input enter. *\/        function bwg_change_page_0( e, that ) {          if (  e.key == 'Enter' ) {            var to_page = parseInt(jQuery(that).val());            var pages_count = jQuery(that).parents(\".pagination-links\").data(\"pages-count\");            var current_url_param = jQuery(that).attr('data-url-info');            if (to_page > pages_count) {              to_page = 1;            }\t \t\t\t\t\t\t\t\t\t\t\t\tspider_page_0(this, to_page, 0, 'numeric');\t\t\t\t\t\t\treturn false;\t\t\t\t\t\t          }          return true;        }        jQuery('.bwg_load_btn_0').on('click', function () {            spider_page_0(this, 1, 1, true);            return false;        });      <\/script>      <\/span>                <\/div>        <\/form>        <style>          #bwg_container1_0 #bwg_container2_0 #spider_popup_overlay_0 {          background-color: #EEEEEE;          opacity: 0.60;          }          <\/style>        <div id=\"bwg_spider_popup_loading_0\" class=\"bwg_spider_popup_loading\"><\/div>        <div id=\"spider_popup_overlay_0\" class=\"spider_popup_overlay\" onclick=\"spider_destroypopup(1000)\"><\/div>        <input type=\"hidden\" id=\"bwg_random_seed_0\" value=\"1337788863\">                <\/div>    <\/div>    <script>      if (document.readyState === 'complete') {        if( typeof bwg_main_ready == 'function' ) {          if ( jQuery(\"#bwg_container1_0\").height() ) {            bwg_main_ready(jQuery(\"#bwg_container1_0\"));          }        }      } else {        document.addEventListener('DOMContentLoaded', function() {          if( typeof bwg_main_ready == 'function' ) {            if ( jQuery(\"#bwg_container1_0\").height() ) {             bwg_main_ready(jQuery(\"#bwg_container1_0\"));            }          }        });      }    <\/script>    \n","protected":false},"excerpt":{"rendered":"<p>Linum, 25. Juni 2025&nbsp;\u2013 Bei einer Beringungsaktion in den Linumer Teichen konnten drei junge Fischadler (Pandion haliaetus) am Horst eines abgestorbenen Pappelstamms untersucht werden. Zwei Jungv\u00f6gel \u2013 830 g und 990 g schwer \u2013 erhielten jeweils einen Farbring (PC68\/PC69) sowie H\u00f6henringe. Der dritte, mit&#8230;<\/p>\n","protected":false},"author":2,"featured_media":0,"comment_status":"closed","ping_status":"closed","sticky":false,"template":"","format":"standard","meta":{"give_campaign_id":0,"two_page_speed":[],"footnotes":""},"categories":[23],"tags":[84,7,10,5,85],"class_list":["post-1379","post","type-post","status-publish","format-standard","hentry","category-linum","tag-fischadler","tag-karsten-nendel-stiftung","tag-linum","tag-naturschutz","tag-seeland"],"yoast_head":"<!-- This site is optimized with the Yoast SEO plugin v27.5 - https:\/\/yoast.com\/product\/yoast-seo-wordpress\/ -->\n<title>Drei junge Fischadler in den Linumer Teichen beringt - Karsten-Nendel-Stiftung<\/title>\n<meta name=\"description\" content=\"\u201eIn den Linumer Teichen wurden drei junge Fischadler beringt. Ein wichtiger Erfolg f\u00fcr den Artenschutz \u2013 unterst\u00fctzt von der Karsten-Nendel-Stiftung.\u201c\" \/>\n<meta name=\"robots\" content=\"index, follow, max-snippet:-1, max-image-preview:large, max-video-preview:-1\" \/>\n<link rel=\"canonical\" href=\"https:\/\/karsten-nendel-stiftung.de\/kns\/fischadler-beringung-linum\/\" \/>\n<meta property=\"og:locale\" content=\"de_DE\" \/>\n<meta property=\"og:type\" content=\"article\" \/>\n<meta property=\"og:title\" content=\"Drei junge Fischadler in den Linumer Teichen beringt - Karsten-Nendel-Stiftung\" \/>\n<meta property=\"og:description\" content=\"\u201eIn den Linumer Teichen wurden drei junge Fischadler beringt. Ein wichtiger Erfolg f\u00fcr den Artenschutz \u2013 unterst\u00fctzt von der Karsten-Nendel-Stiftung.\u201c\" \/>\n<meta property=\"og:url\" content=\"https:\/\/karsten-nendel-stiftung.de\/kns\/fischadler-beringung-linum\/\" \/>\n<meta property=\"og:site_name\" content=\"Karsten-Nendel-Stiftung\" \/>\n<meta property=\"article:published_time\" content=\"2025-09-01T14:40:34+00:00\" \/>\n<meta property=\"article:modified_time\" content=\"2025-09-01T14:44:03+00:00\" \/>\n<meta name=\"author\" content=\"Alexander Thiel\" \/>\n<meta name=\"twitter:card\" content=\"summary_large_image\" \/>\n<meta name=\"twitter:label1\" content=\"Verfasst von\" \/>\n\t<meta name=\"twitter:data1\" content=\"Alexander Thiel\" \/>\n\t<meta name=\"twitter:label2\" content=\"Gesch\u00e4tzte Lesezeit\" \/>\n\t<meta name=\"twitter:data2\" content=\"2\u00a0Minuten\" \/>\n<script type=\"application\/ld+json\" class=\"yoast-schema-graph\">{\"@context\":\"https:\\\/\\\/schema.org\",\"@graph\":[{\"@type\":\"Article\",\"@id\":\"https:\\\/\\\/karsten-nendel-stiftung.de\\\/kns\\\/fischadler-beringung-linum\\\/#article\",\"isPartOf\":{\"@id\":\"https:\\\/\\\/karsten-nendel-stiftung.de\\\/kns\\\/fischadler-beringung-linum\\\/\"},\"author\":{\"name\":\"Alexander Thiel\",\"@id\":\"https:\\\/\\\/karsten-nendel-stiftung.de\\\/kns\\\/#\\\/schema\\\/person\\\/2cea811de15e3ab7a1a84b7b30dc7f6a\"},\"headline\":\"Drei junge Fischadler in den Linumer Teichen beringt\",\"datePublished\":\"2025-09-01T14:40:34+00:00\",\"dateModified\":\"2025-09-01T14:44:03+00:00\",\"mainEntityOfPage\":{\"@id\":\"https:\\\/\\\/karsten-nendel-stiftung.de\\\/kns\\\/fischadler-beringung-linum\\\/\"},\"wordCount\":253,\"publisher\":{\"@id\":\"https:\\\/\\\/karsten-nendel-stiftung.de\\\/kns\\\/#organization\"},\"keywords\":[\"Fischadler\",\"Karsten-Nendel-Stiftung\",\"Linum\",\"Naturschutz\",\"Seeland\"],\"articleSection\":[\"Linum\"],\"inLanguage\":\"de\"},{\"@type\":\"WebPage\",\"@id\":\"https:\\\/\\\/karsten-nendel-stiftung.de\\\/kns\\\/fischadler-beringung-linum\\\/\",\"url\":\"https:\\\/\\\/karsten-nendel-stiftung.de\\\/kns\\\/fischadler-beringung-linum\\\/\",\"name\":\"Drei junge Fischadler in den Linumer Teichen beringt - Karsten-Nendel-Stiftung\",\"isPartOf\":{\"@id\":\"https:\\\/\\\/karsten-nendel-stiftung.de\\\/kns\\\/#website\"},\"datePublished\":\"2025-09-01T14:40:34+00:00\",\"dateModified\":\"2025-09-01T14:44:03+00:00\",\"description\":\"\u201eIn den Linumer Teichen wurden drei junge Fischadler beringt. Ein wichtiger Erfolg f\u00fcr den Artenschutz \u2013 unterst\u00fctzt von der Karsten-Nendel-Stiftung.\u201c\",\"breadcrumb\":{\"@id\":\"https:\\\/\\\/karsten-nendel-stiftung.de\\\/kns\\\/fischadler-beringung-linum\\\/#breadcrumb\"},\"inLanguage\":\"de\",\"potentialAction\":[{\"@type\":\"ReadAction\",\"target\":[\"https:\\\/\\\/karsten-nendel-stiftung.de\\\/kns\\\/fischadler-beringung-linum\\\/\"]}]},{\"@type\":\"BreadcrumbList\",\"@id\":\"https:\\\/\\\/karsten-nendel-stiftung.de\\\/kns\\\/fischadler-beringung-linum\\\/#breadcrumb\",\"itemListElement\":[{\"@type\":\"ListItem\",\"position\":1,\"name\":\"Startseite\",\"item\":\"https:\\\/\\\/karsten-nendel-stiftung.de\\\/kns\\\/\"},{\"@type\":\"ListItem\",\"position\":2,\"name\":\"Drei junge Fischadler in den Linumer Teichen beringt\"}]},{\"@type\":\"WebSite\",\"@id\":\"https:\\\/\\\/karsten-nendel-stiftung.de\\\/kns\\\/#website\",\"url\":\"https:\\\/\\\/karsten-nendel-stiftung.de\\\/kns\\\/\",\"name\":\"Karsten-Nendel-Stiftung\",\"description\":\"Naturschutz: F\u00fcr die Natur, mit der Natur!\",\"publisher\":{\"@id\":\"https:\\\/\\\/karsten-nendel-stiftung.de\\\/kns\\\/#organization\"},\"potentialAction\":[{\"@type\":\"SearchAction\",\"target\":{\"@type\":\"EntryPoint\",\"urlTemplate\":\"https:\\\/\\\/karsten-nendel-stiftung.de\\\/kns\\\/?s={search_term_string}\"},\"query-input\":{\"@type\":\"PropertyValueSpecification\",\"valueRequired\":true,\"valueName\":\"search_term_string\"}}],\"inLanguage\":\"de\"},{\"@type\":\"Organization\",\"@id\":\"https:\\\/\\\/karsten-nendel-stiftung.de\\\/kns\\\/#organization\",\"name\":\"Karsten-Nendel-Stiftung\",\"url\":\"https:\\\/\\\/karsten-nendel-stiftung.de\\\/kns\\\/\",\"logo\":{\"@type\":\"ImageObject\",\"inLanguage\":\"de\",\"@id\":\"https:\\\/\\\/karsten-nendel-stiftung.de\\\/kns\\\/#\\\/schema\\\/logo\\\/image\\\/\",\"url\":\"https:\\\/\\\/karsten-nendel-stiftung.de\\\/kns\\\/wp-content\\\/uploads\\\/2022\\\/05\\\/logo2-1-e1655799995143.png\",\"contentUrl\":\"https:\\\/\\\/karsten-nendel-stiftung.de\\\/kns\\\/wp-content\\\/uploads\\\/2022\\\/05\\\/logo2-1-e1655799995143.png\",\"width\":350,\"height\":207,\"caption\":\"Karsten-Nendel-Stiftung\"},\"image\":{\"@id\":\"https:\\\/\\\/karsten-nendel-stiftung.de\\\/kns\\\/#\\\/schema\\\/logo\\\/image\\\/\"}},{\"@type\":\"Person\",\"@id\":\"https:\\\/\\\/karsten-nendel-stiftung.de\\\/kns\\\/#\\\/schema\\\/person\\\/2cea811de15e3ab7a1a84b7b30dc7f6a\",\"name\":\"Alexander Thiel\",\"image\":{\"@type\":\"ImageObject\",\"inLanguage\":\"de\",\"@id\":\"https:\\\/\\\/secure.gravatar.com\\\/avatar\\\/af8fb577a9cd0c326104291a2534379d7bee2b994c68272c87e25cc0cfa89bbe?s=96&d=mm&r=g\",\"url\":\"https:\\\/\\\/secure.gravatar.com\\\/avatar\\\/af8fb577a9cd0c326104291a2534379d7bee2b994c68272c87e25cc0cfa89bbe?s=96&d=mm&r=g\",\"contentUrl\":\"https:\\\/\\\/secure.gravatar.com\\\/avatar\\\/af8fb577a9cd0c326104291a2534379d7bee2b994c68272c87e25cc0cfa89bbe?s=96&d=mm&r=g\",\"caption\":\"Alexander Thiel\"},\"url\":\"https:\\\/\\\/karsten-nendel-stiftung.de\\\/kns\\\/author\\\/admin_wp\\\/\"}]}<\/script>\n<!-- \/ Yoast SEO plugin. -->","yoast_head_json":{"title":"Drei junge Fischadler in den Linumer Teichen beringt - Karsten-Nendel-Stiftung","description":"\u201eIn den Linumer Teichen wurden drei junge Fischadler beringt. Ein wichtiger Erfolg f\u00fcr den Artenschutz \u2013 unterst\u00fctzt von der Karsten-Nendel-Stiftung.\u201c","robots":{"index":"index","follow":"follow","max-snippet":"max-snippet:-1","max-image-preview":"max-image-preview:large","max-video-preview":"max-video-preview:-1"},"canonical":"https:\/\/karsten-nendel-stiftung.de\/kns\/fischadler-beringung-linum\/","og_locale":"de_DE","og_type":"article","og_title":"Drei junge Fischadler in den Linumer Teichen beringt - Karsten-Nendel-Stiftung","og_description":"\u201eIn den Linumer Teichen wurden drei junge Fischadler beringt. Ein wichtiger Erfolg f\u00fcr den Artenschutz \u2013 unterst\u00fctzt von der Karsten-Nendel-Stiftung.\u201c","og_url":"https:\/\/karsten-nendel-stiftung.de\/kns\/fischadler-beringung-linum\/","og_site_name":"Karsten-Nendel-Stiftung","article_published_time":"2025-09-01T14:40:34+00:00","article_modified_time":"2025-09-01T14:44:03+00:00","author":"Alexander Thiel","twitter_card":"summary_large_image","twitter_misc":{"Verfasst von":"Alexander Thiel","Gesch\u00e4tzte Lesezeit":"2\u00a0Minuten"},"schema":{"@context":"https:\/\/schema.org","@graph":[{"@type":"Article","@id":"https:\/\/karsten-nendel-stiftung.de\/kns\/fischadler-beringung-linum\/#article","isPartOf":{"@id":"https:\/\/karsten-nendel-stiftung.de\/kns\/fischadler-beringung-linum\/"},"author":{"name":"Alexander Thiel","@id":"https:\/\/karsten-nendel-stiftung.de\/kns\/#\/schema\/person\/2cea811de15e3ab7a1a84b7b30dc7f6a"},"headline":"Drei junge Fischadler in den Linumer Teichen beringt","datePublished":"2025-09-01T14:40:34+00:00","dateModified":"2025-09-01T14:44:03+00:00","mainEntityOfPage":{"@id":"https:\/\/karsten-nendel-stiftung.de\/kns\/fischadler-beringung-linum\/"},"wordCount":253,"publisher":{"@id":"https:\/\/karsten-nendel-stiftung.de\/kns\/#organization"},"keywords":["Fischadler","Karsten-Nendel-Stiftung","Linum","Naturschutz","Seeland"],"articleSection":["Linum"],"inLanguage":"de"},{"@type":"WebPage","@id":"https:\/\/karsten-nendel-stiftung.de\/kns\/fischadler-beringung-linum\/","url":"https:\/\/karsten-nendel-stiftung.de\/kns\/fischadler-beringung-linum\/","name":"Drei junge Fischadler in den Linumer Teichen beringt - Karsten-Nendel-Stiftung","isPartOf":{"@id":"https:\/\/karsten-nendel-stiftung.de\/kns\/#website"},"datePublished":"2025-09-01T14:40:34+00:00","dateModified":"2025-09-01T14:44:03+00:00","description":"\u201eIn den Linumer Teichen wurden drei junge Fischadler beringt. Ein wichtiger Erfolg f\u00fcr den Artenschutz \u2013 unterst\u00fctzt von der Karsten-Nendel-Stiftung.\u201c","breadcrumb":{"@id":"https:\/\/karsten-nendel-stiftung.de\/kns\/fischadler-beringung-linum\/#breadcrumb"},"inLanguage":"de","potentialAction":[{"@type":"ReadAction","target":["https:\/\/karsten-nendel-stiftung.de\/kns\/fischadler-beringung-linum\/"]}]},{"@type":"BreadcrumbList","@id":"https:\/\/karsten-nendel-stiftung.de\/kns\/fischadler-beringung-linum\/#breadcrumb","itemListElement":[{"@type":"ListItem","position":1,"name":"Startseite","item":"https:\/\/karsten-nendel-stiftung.de\/kns\/"},{"@type":"ListItem","position":2,"name":"Drei junge Fischadler in den Linumer Teichen beringt"}]},{"@type":"WebSite","@id":"https:\/\/karsten-nendel-stiftung.de\/kns\/#website","url":"https:\/\/karsten-nendel-stiftung.de\/kns\/","name":"Karsten-Nendel-Stiftung","description":"Naturschutz: F\u00fcr die Natur, mit der Natur!","publisher":{"@id":"https:\/\/karsten-nendel-stiftung.de\/kns\/#organization"},"potentialAction":[{"@type":"SearchAction","target":{"@type":"EntryPoint","urlTemplate":"https:\/\/karsten-nendel-stiftung.de\/kns\/?s={search_term_string}"},"query-input":{"@type":"PropertyValueSpecification","valueRequired":true,"valueName":"search_term_string"}}],"inLanguage":"de"},{"@type":"Organization","@id":"https:\/\/karsten-nendel-stiftung.de\/kns\/#organization","name":"Karsten-Nendel-Stiftung","url":"https:\/\/karsten-nendel-stiftung.de\/kns\/","logo":{"@type":"ImageObject","inLanguage":"de","@id":"https:\/\/karsten-nendel-stiftung.de\/kns\/#\/schema\/logo\/image\/","url":"https:\/\/karsten-nendel-stiftung.de\/kns\/wp-content\/uploads\/2022\/05\/logo2-1-e1655799995143.png","contentUrl":"https:\/\/karsten-nendel-stiftung.de\/kns\/wp-content\/uploads\/2022\/05\/logo2-1-e1655799995143.png","width":350,"height":207,"caption":"Karsten-Nendel-Stiftung"},"image":{"@id":"https:\/\/karsten-nendel-stiftung.de\/kns\/#\/schema\/logo\/image\/"}},{"@type":"Person","@id":"https:\/\/karsten-nendel-stiftung.de\/kns\/#\/schema\/person\/2cea811de15e3ab7a1a84b7b30dc7f6a","name":"Alexander Thiel","image":{"@type":"ImageObject","inLanguage":"de","@id":"https:\/\/secure.gravatar.com\/avatar\/af8fb577a9cd0c326104291a2534379d7bee2b994c68272c87e25cc0cfa89bbe?s=96&d=mm&r=g","url":"https:\/\/secure.gravatar.com\/avatar\/af8fb577a9cd0c326104291a2534379d7bee2b994c68272c87e25cc0cfa89bbe?s=96&d=mm&r=g","contentUrl":"https:\/\/secure.gravatar.com\/avatar\/af8fb577a9cd0c326104291a2534379d7bee2b994c68272c87e25cc0cfa89bbe?s=96&d=mm&r=g","caption":"Alexander Thiel"},"url":"https:\/\/karsten-nendel-stiftung.de\/kns\/author\/admin_wp\/"}]}},"_links":{"self":[{"href":"https:\/\/karsten-nendel-stiftung.de\/kns\/wp-json\/wp\/v2\/posts\/1379","targetHints":{"allow":["GET"]}}],"collection":[{"href":"https:\/\/karsten-nendel-stiftung.de\/kns\/wp-json\/wp\/v2\/posts"}],"about":[{"href":"https:\/\/karsten-nendel-stiftung.de\/kns\/wp-json\/wp\/v2\/types\/post"}],"author":[{"embeddable":true,"href":"https:\/\/karsten-nendel-stiftung.de\/kns\/wp-json\/wp\/v2\/users\/2"}],"replies":[{"embeddable":true,"href":"https:\/\/karsten-nendel-stiftung.de\/kns\/wp-json\/wp\/v2\/comments?post=1379"}],"version-history":[{"count":2,"href":"https:\/\/karsten-nendel-stiftung.de\/kns\/wp-json\/wp\/v2\/posts\/1379\/revisions"}],"predecessor-version":[{"id":1394,"href":"https:\/\/karsten-nendel-stiftung.de\/kns\/wp-json\/wp\/v2\/posts\/1379\/revisions\/1394"}],"wp:attachment":[{"href":"https:\/\/karsten-nendel-stiftung.de\/kns\/wp-json\/wp\/v2\/media?parent=1379"}],"wp:term":[{"taxonomy":"category","embeddable":true,"href":"https:\/\/karsten-nendel-stiftung.de\/kns\/wp-json\/wp\/v2\/categories?post=1379"},{"taxonomy":"post_tag","embeddable":true,"href":"https:\/\/karsten-nendel-stiftung.de\/kns\/wp-json\/wp\/v2\/tags?post=1379"}],"curies":[{"name":"wp","href":"https:\/\/api.w.org\/{rel}","templated":true}]}}